{"id":20503,"date":"2020-05-19T09:00:00","date_gmt":"2020-05-19T07:00:00","guid":{"rendered":"https:\/\/www.comarcond.com\/?p=20503"},"modified":"2020-05-17T15:33:01","modified_gmt":"2020-05-17T13:33:01","slug":"reprenons-ensemble","status":"publish","type":"post","link":"https:\/\/www.comarcond.com\/fr\/reprenons-ensemble\/","title":{"rendered":"Reprenons. Ensemble."},"content":{"rendered":"\n<p>Depuis 1968, <strong>COMAR Condensatori<\/strong> regarde vers l&rsquo;avenir. Les condensateurs et batteries de condensateurs que nous sommes en mesure de proposer aujourd&rsquo;hui sont le fruit de l&rsquo;ing\u00e9niosit\u00e9 et des efforts de nombreux acteurs. Notre histoire, pleine de succ\u00e8s, nous a toujours permis de surmonter des moments difficiles avec la fiert\u00e9 typique de notre terre.<\/p>\n\n\n\n<p>Nous sommes italiens et nos produits \u00ab\u00a0parlent italien\u00a0\u00bb partout dans le monde. Le d\u00e9fi auquel nous sommes confront\u00e9s est de contribuer, chaque jour, \u00e0 r\u00e9duire le gaspillage d&rsquo;\u00e9nergie, afin de laisser un monde plus durable aux g\u00e9n\u00e9rations futures. Parce que c&rsquo;est ce-l\u00e0 l&rsquo;horizon auquel nous regardons.<\/p>\n\n\n\n<p>C&rsquo;est pourquoi, malgr\u00e9 la situation d&rsquo;urgence, <strong>nous n&rsquo;avons jamais cess\u00e9 d&rsquo;\u00eatre proches de vous et de travailler pour Vous \u2026<\/strong><\/p>\n\n\n\n<p>Nous avons profit\u00e9 du confinement international pour r\u00e9aliser des <strong>formations \u00e0 distance<\/strong> dans notre r\u00e9seau de partenaires! De plus, nous vous avons tenu compagnie avec une nouvelle s\u00e9rie de vid\u00e9os techniques approfondies, d\u00e9sormais disponible sur <a href=\"https:\/\/www.youtube.com\/watch?v=HHpUhTa1E6Y&amp;t=6s\" target=\"_blank\" rel=\"noopener\">Youtube<\/a>!<\/p>\n\n\n\n<figure class=\"wp-block-image size-large\"><img loading=\"lazy\" decoding=\"async\" width=\"1024\" height=\"575\" src=\"https:\/\/www.comarcond.com\/wp-content\/uploads\/2020\/05\/Corsi-Formazione-1024x575.jpg\" alt=\"\" class=\"wp-image-20481\" srcset=\"https:\/\/www.comarcond.com\/wp-content\/uploads\/2020\/05\/Corsi-Formazione-1024x575.jpg 1024w, https:\/\/www.comarcond.com\/wp-content\/uploads\/2020\/05\/Corsi-Formazione-300x169.jpg 300w, https:\/\/www.comarcond.com\/wp-content\/uploads\/2020\/05\/Corsi-Formazione-768x432.jpg 768w, https:\/\/www.comarcond.com\/wp-content\/uploads\/2020\/05\/Corsi-Formazione-1536x863.jpg 1536w, https:\/\/www.comarcond.com\/wp-content\/uploads\/2020\/05\/Corsi-Formazione-1200x674.jpg 1200w, https:\/\/www.comarcond.com\/wp-content\/uploads\/2020\/05\/Corsi-Formazione.jpg 1653w\" sizes=\"(max-width: 709px) 85vw, (max-width: 909px) 67vw, (max-width: 1362px) 62vw, 840px\" \/><\/figure>\n\n\n\n<p>Nous avons continu\u00e9 \u00e0 mettre \u00e0 jour nos produits, comme &#8211; par exemple &#8211; la modification du <strong>nouveau module statique <\/strong>pour les applications avec des tensions nominales sup\u00e9rieures \u00e0 400 Vac.<\/p>\n\n\n\n<p>D\u00e9couvrez notre s\u00e9rie \u00e0 <a href=\"https:\/\/www.comarcond.com\/wp-content\/uploads\/2019\/09\/COMPENSATION-BASSE-TENSION.pdf\">insertion statique<\/a>!<\/p>\n\n\n\n<figure class=\"wp-block-image size-large\"><img loading=\"lazy\" decoding=\"async\" width=\"1024\" height=\"576\" src=\"https:\/\/www.comarcond.com\/wp-content\/uploads\/2020\/05\/RD-1024x576.jpg\" alt=\"\" class=\"wp-image-20469\" srcset=\"https:\/\/www.comarcond.com\/wp-content\/uploads\/2020\/05\/RD-1024x576.jpg 1024w, https:\/\/www.comarcond.com\/wp-content\/uploads\/2020\/05\/RD-300x169.jpg 300w, https:\/\/www.comarcond.com\/wp-content\/uploads\/2020\/05\/RD-768x432.jpg 768w, https:\/\/www.comarcond.com\/wp-content\/uploads\/2020\/05\/RD-1536x864.jpg 1536w, https:\/\/www.comarcond.com\/wp-content\/uploads\/2020\/05\/RD-1200x675.jpg 1200w, https:\/\/www.comarcond.com\/wp-content\/uploads\/2020\/05\/RD.jpg 1652w\" sizes=\"(max-width: 709px) 85vw, (max-width: 909px) 67vw, (max-width: 1362px) 62vw, 840px\" \/><\/figure>\n\n\n\n<p>Il y a quelques jours \u00e0 peine, nous avons exp\u00e9di\u00e9 deux batteries de condensateurs <strong>semi-automatiques Moyenne Tension<\/strong> \u00e0 l&rsquo;une des plus grandes cimenteries du monde.<\/p>\n\n\n\n<p>D\u00e9couvrez nos \u00e9quipements <a href=\"https:\/\/www.comarcond.com\/prodotto\/bmt\/\">BMT<\/a>!<\/p>\n\n\n\n<figure class=\"wp-block-image size-large\"><img loading=\"lazy\" decoding=\"async\" width=\"1024\" height=\"573\" src=\"https:\/\/www.comarcond.com\/wp-content\/uploads\/2020\/05\/MT-1024x573.jpg\" alt=\"\" class=\"wp-image-20485\" srcset=\"https:\/\/www.comarcond.com\/wp-content\/uploads\/2020\/05\/MT-1024x573.jpg 1024w, https:\/\/www.comarcond.com\/wp-content\/uploads\/2020\/05\/MT-300x168.jpg 300w, https:\/\/www.comarcond.com\/wp-content\/uploads\/2020\/05\/MT-768x430.jpg 768w, https:\/\/www.comarcond.com\/wp-content\/uploads\/2020\/05\/MT-1536x860.jpg 1536w, https:\/\/www.comarcond.com\/wp-content\/uploads\/2020\/05\/MT-1200x672.jpg 1200w, https:\/\/www.comarcond.com\/wp-content\/uploads\/2020\/05\/MT.jpg 1654w\" sizes=\"(max-width: 709px) 85vw, (max-width: 909px) 67vw, (max-width: 1362px) 62vw, 840px\" \/><\/figure>\n\n\n\n<p>Maintenant c&rsquo;est le temps de <strong>reprendre l&rsquo;activit\u00e9 ensemble<\/strong>! <\/p>\n\n\n\n<figure class=\"wp-block-image size-large\"><img loading=\"lazy\" decoding=\"async\" width=\"1024\" height=\"574\" src=\"https:\/\/www.comarcond.com\/wp-content\/uploads\/2020\/05\/Consegne-1024x574.jpg\" alt=\"\" class=\"wp-image-20477\" srcset=\"https:\/\/www.comarcond.com\/wp-content\/uploads\/2020\/05\/Consegne-1024x574.jpg 1024w, https:\/\/www.comarcond.com\/wp-content\/uploads\/2020\/05\/Consegne-300x168.jpg 300w, https:\/\/www.comarcond.com\/wp-content\/uploads\/2020\/05\/Consegne-768x430.jpg 768w, https:\/\/www.comarcond.com\/wp-content\/uploads\/2020\/05\/Consegne-1536x861.jpg 1536w, https:\/\/www.comarcond.com\/wp-content\/uploads\/2020\/05\/Consegne-1200x673.jpg 1200w, https:\/\/www.comarcond.com\/wp-content\/uploads\/2020\/05\/Consegne.jpg 1652w\" sizes=\"(max-width: 709px) 85vw, (max-width: 909px) 67vw, (max-width: 1362px) 62vw, 840px\" \/><\/figure>\n\n\n\n<p> Nous <strong>sommes 100% op\u00e9rationnels<\/strong>&nbsp;: les d\u00e9lais de livraison sont d\u00e9j\u00e0 revenus \u00e0 la normalit\u00e9, et de nombreux produits sont disponibles pour une livraison imm\u00e9diate, avec des conditions \u00e9conomiques tr\u00e8s avantageuses. Profitez-en maintenant en demandant un <a href=\"https:\/\/www.comarcond.com\/fr\/home\/\">devis<\/a>!<\/p>\n","protected":false},"excerpt":{"rendered":"<p> &hellip; <a href=\"https:\/\/www.comarcond.com\/fr\/reprenons-ensemble\/\" class=\"more-link\">Continue reading<span class=\"screen-reader-text\"> \u00ab\u00a0Reprenons. Ensemble.\u00a0\u00bb<\/span><\/a><\/p>\n","protected":false},"author":1,"featured_media":20475,"comment_status":"closed","ping_status":"open","sticky":false,"template":"","format":"standard","meta":{"footnotes":""},"categories":[136],"tags":[],"acf":[],"_links":{"self":[{"href":"https:\/\/www.comarcond.com\/fr\/wp-json\/wp\/v2\/posts\/20503"}],"collection":[{"href":"https:\/\/www.comarcond.com\/fr\/wp-json\/wp\/v2\/posts"}],"about":[{"href":"https:\/\/www.comarcond.com\/fr\/wp-json\/wp\/v2\/types\/post"}],"author":[{"embeddable":true,"href":"https:\/\/www.comarcond.com\/fr\/wp-json\/wp\/v2\/users\/1"}],"replies":[{"embeddable":true,"href":"https:\/\/www.comarcond.com\/fr\/wp-json\/wp\/v2\/comments?post=20503"}],"version-history":[{"count":2,"href":"https:\/\/www.comarcond.com\/fr\/wp-json\/wp\/v2\/posts\/20503\/revisions"}],"predecessor-version":[{"id":20505,"href":"https:\/\/www.comarcond.com\/fr\/wp-json\/wp\/v2\/posts\/20503\/revisions\/20505"}],"wp:featuredmedia":[{"embeddable":true,"href":"https:\/\/www.comarcond.com\/fr\/wp-json\/wp\/v2\/media\/20475"}],"wp:attachment":[{"href":"https:\/\/www.comarcond.com\/fr\/wp-json\/wp\/v2\/media?parent=20503"}],"wp:term":[{"taxonomy":"category","embeddable":true,"href":"https:\/\/www.comarcond.com\/fr\/wp-json\/wp\/v2\/categories?post=20503"},{"taxonomy":"post_tag","embeddable":true,"href":"https:\/\/www.comarcond.com\/fr\/wp-json\/wp\/v2\/tags?post=20503"}],"curies":[{"name":"wp","href":"https:\/\/api.w.org\/{rel}","templated":true}]}}